{"id":105,"date":"2015-05-27T21:07:33","date_gmt":"2015-05-27T20:07:33","guid":{"rendered":"http:\/\/www.visuelconcept.com\/?p=105"},"modified":"2015-05-27T21:07:33","modified_gmt":"2015-05-27T20:07:33","slug":"salon-enova-2015","status":"publish","type":"post","link":"https:\/\/www.visuelconcept.com\/index.php\/salon-enova-2015\/","title":{"rendered":"Salon ENOVA 2015"},"content":{"rendered":"<p>\t\t\t\tVISUEL CONCEPT participe au salon ENOVA 2015 qui se tiendra du 22 au 24 septembre 2015 \u00e0 Paris.<\/p>\n<p>Retrouvez-nous sur notre stand sur l&#8217; <strong><span style=\"color: #19b0e5;\">ESPACE EMBARQU\u00c9 ET OBJETS CONNECT\u00c9S <\/span><\/strong>pour d\u00e9couvrir notre\u00a0<strong>n\u0153ud d&#8217;acquisition<\/strong>\u00a0b\u00e9n\u00e9ficiant de la technologie &#8220;Power Over Fiber&#8221;.<\/p>\n<p><a href=\"http:\/\/192.168.50.6\/wp-content\/uploads\/2015\/05\/slidehome-750-350_f18bd92921ed485916c60acdc63b3ebcb5d8dea9.jpg\"><img loading=\"lazy\" decoding=\"async\" class=\"aligncenter size-full wp-image-142\" src=\"http:\/\/192.168.50.6\/wp-content\/uploads\/2015\/05\/slidehome-750-350_f18bd92921ed485916c60acdc63b3ebcb5d8dea9.jpg\" alt=\"slidehome-750-350_f18bd92921ed485916c60acdc63b3ebcb5d8dea9\" width=\"750\" height=\"343\" srcset=\"https:\/\/www.visuelconcept.com\/wp-content\/uploads\/2015\/05\/slidehome-750-350_f18bd92921ed485916c60acdc63b3ebcb5d8dea9.jpg 750w, https:\/\/www.visuelconcept.com\/wp-content\/uploads\/2015\/05\/slidehome-750-350_f18bd92921ed485916c60acdc63b3ebcb5d8dea9-300x137.jpg 300w, https:\/\/www.visuelconcept.com\/wp-content\/uploads\/2015\/05\/slidehome-750-350_f18bd92921ed485916c60acdc63b3ebcb5d8dea9-150x69.jpg 150w\" sizes=\"auto, (max-width: 750px) 100vw, 750px\" \/><\/a><\/p>\n<p>&nbsp;\t\t<\/p>\n","protected":false},"excerpt":{"rendered":"<p>VISUEL CONCEPT participe au salon ENOVA 2015 qui se tiendra du 22 au 24 septembre 2015 \u00e0 Paris. Retrouvez-nous sur notre stand sur l&#8217; ESPACE EMBARQU\u00c9 ET OBJETS CONNECT\u00c9S pour d\u00e9couvrir notre\u00a0n\u0153ud d&#8217;acquisition\u00a0b\u00e9n\u00e9ficiant de la technologie &#8220;Power Over Fiber&#8221;. &nbsp;<\/p>\n<p> <a class=\"continue-reading-link\" href=\"https:\/\/www.visuelconcept.com\/index.php\/salon-enova-2015\/\"><span>Lire la suite &#8230;<\/span><i class=\"crycon-right-dir\"><\/i><\/a> <\/p>\n","protected":false},"author":1,"featured_media":124,"comment_status":"closed","ping_status":"open","sticky":false,"template":"","format":"standard","meta":{"footnotes":""},"categories":[2,6],"tags":[14,30,33,41],"class_list":["post-105","post","type-post","status-publish","format-standard","has-post-thumbnail","hentry","category-agenda","category-innovation","tag-acquisition","tag-iot","tag-mesure","tag-pof"],"_links":{"self":[{"href":"https:\/\/www.visuelconcept.com\/index.php\/wp-json\/wp\/v2\/posts\/105","targetHints":{"allow":["GET"]}}],"collection":[{"href":"https:\/\/www.visuelconcept.com\/index.php\/wp-json\/wp\/v2\/posts"}],"about":[{"href":"https:\/\/www.visuelconcept.com\/index.php\/wp-json\/wp\/v2\/types\/post"}],"author":[{"embeddable":true,"href":"https:\/\/www.visuelconcept.com\/index.php\/wp-json\/wp\/v2\/users\/1"}],"replies":[{"embeddable":true,"href":"https:\/\/www.visuelconcept.com\/index.php\/wp-json\/wp\/v2\/comments?post=105"}],"version-history":[{"count":0,"href":"https:\/\/www.visuelconcept.com\/index.php\/wp-json\/wp\/v2\/posts\/105\/revisions"}],"wp:featuredmedia":[{"embeddable":true,"href":"https:\/\/www.visuelconcept.com\/index.php\/wp-json\/wp\/v2\/media\/124"}],"wp:attachment":[{"href":"https:\/\/www.visuelconcept.com\/index.php\/wp-json\/wp\/v2\/media?parent=105"}],"wp:term":[{"taxonomy":"category","embeddable":true,"href":"https:\/\/www.visuelconcept.com\/index.php\/wp-json\/wp\/v2\/categories?post=105"},{"taxonomy":"post_tag","embeddable":true,"href":"https:\/\/www.visuelconcept.com\/index.php\/wp-json\/wp\/v2\/tags?post=105"}],"curies":[{"name":"wp","href":"https:\/\/api.w.org\/{rel}","templated":true}]}}