{"id":264,"date":"2016-09-09T12:45:56","date_gmt":"2016-09-09T11:45:56","guid":{"rendered":"http:\/\/www.visuelconcept.com\/?p=264"},"modified":"2016-09-09T12:45:56","modified_gmt":"2016-09-09T11:45:56","slug":"visuel-concept-partenaire-du-reseau-lora-dorange","status":"publish","type":"post","link":"https:\/\/www.visuelconcept.com\/index.php\/visuel-concept-partenaire-du-reseau-lora-dorange\/","title":{"rendered":"Visuel Concept partenaire du r\u00e9seau LoRa d&#8217;Orange"},"content":{"rendered":"<p>\t\t\t\tVisuel Concept acc\u00e9l\u00e8re sa pr\u00e9sence dans le domaine des objets connect\u00e9s industriels.<!--more--><\/p>\n<p>Pour cela nous sommes associ\u00e9s depuis d\u00e9but septembre 2016 au programme partenaire &#8220;r\u00e9seau LoRa d&#8217;Orange&#8221; pour exp\u00e9rimenter\u00a0les nouveaux services qui seront offerts par Orange et sa plateforme &#8220;Live Objects&#8221;.<\/p>\n<p>Nous serons bient\u00f4t en mesure de vous faire b\u00e9n\u00e9ficier\u00a0de cette solution s&#8217;appuyant sur l&#8217;infrastructure r\u00e9seau LoRa d\u00e9ploy\u00e9e par Orange.<\/p>\n<p>LoRa, la technologie phare en mati\u00e8re de r\u00e9seau longue port\u00e9e et ultra basse consommation, sera d\u00e9ploy\u00e9e progressivement par Orange dans toute la France \u00e0 partir du premier trimestre 2016.<\/p>\n<p>Une strat\u00e9gie qui fait suite \u00e0 un test concluant en conditions r\u00e9elles sur l\u2019agglom\u00e9ration de Grenoble.<\/p>\n<h2>LoRa, qu\u2019est-ce que c\u2019est ?<\/h2>\n<p>\u00ab<em> Le d\u00e9veloppement de l\u2019internet des objets s\u2019annonce comme une lame de fond dans les ann\u00e9es \u00e0 venir. On estime ainsi qu\u2019il y aura plus de 25 milliards d\u2019objets connect\u00e9s dans le monde en 2020 <\/em>\u00bb, a expliqu\u00e9 St\u00e9phane Richard, le Pr\u00e9sident Directeur G\u00e9n\u00e9ral d\u2019Orange.<\/p>\n<p>Pour accompagner cette lame de fond, Orange d\u00e9ploie un r\u00e9seau bas d\u00e9bit permettant une faible consommation d\u2019\u00e9nergie des objets connect\u00e9s et un moindre co\u00fbt des modules.<\/p>\n<p>Ce r\u00e9seau s\u2019appuie sur la technologie radio LoRa (pour Long Range), propos\u00e9e par la soci\u00e9t\u00e9 Semtech et consid\u00e9r\u00e9e comme l\u2019une des plus importantes dans le domaine des LPWA (Low Power Wide Area). De nombreux op\u00e9rateurs \u00e9trangers ont d\u00e9j\u00e0 pr\u00e9vu de d\u00e9ployer cette technologie dans les ann\u00e9es \u00e0 venir.<\/p>\n<p><a href=\"http:\/\/www.visuelconcept.com\/wp-content\/uploads\/2016\/09\/iot_orange.jpg\" rel=\"attachment wp-att-266\"><img loading=\"lazy\" decoding=\"async\" class=\"aligncenter wp-image-266\" src=\"http:\/\/www.visuelconcept.com\/wp-content\/uploads\/2016\/09\/iot_orange.jpg\" alt=\"iot_orange\" width=\"379\" height=\"223\" srcset=\"https:\/\/www.visuelconcept.com\/wp-content\/uploads\/2016\/09\/iot_orange.jpg 826w, https:\/\/www.visuelconcept.com\/wp-content\/uploads\/2016\/09\/iot_orange-300x176.jpg 300w, https:\/\/www.visuelconcept.com\/wp-content\/uploads\/2016\/09\/iot_orange-768x451.jpg 768w, https:\/\/www.visuelconcept.com\/wp-content\/uploads\/2016\/09\/iot_orange-150x88.jpg 150w\" sizes=\"auto, (max-width: 379px) 100vw, 379px\" \/><\/a><\/p>\n<p><a href=\"http:\/\/www.orange-programmepartenaires.com\/fr\/content\/avec-lora-l%E2%80%99internet-des-objets-prend-son-envol\">http:\/\/www.orange-programmepartenaires.com\/fr\/content\/avec-lora-l%E2%80%99internet-des-objets-prend-son-envol<\/a><\/p>\n<p>&nbsp;\t\t<\/p>\n","protected":false},"excerpt":{"rendered":"<p>Visuel Concept acc\u00e9l\u00e8re sa pr\u00e9sence dans le domaine des objets connect\u00e9s industriels.<\/p>\n<p> <a class=\"continue-reading-link\" href=\"https:\/\/www.visuelconcept.com\/index.php\/visuel-concept-partenaire-du-reseau-lora-dorange\/\"><span>Lire la suite &#8230;<\/span><i class=\"crycon-right-dir\"><\/i><\/a> <\/p>\n","protected":false},"author":1,"featured_media":265,"comment_status":"closed","ping_status":"open","sticky":false,"template":"","format":"standard","meta":{"footnotes":""},"categories":[6,8],"tags":[29,30,31,36],"class_list":["post-264","post","type-post","status-publish","format-standard","has-post-thumbnail","hentry","category-innovation","category-iot","tag-innovation","tag-iot","tag-lora","tag-orange"],"_links":{"self":[{"href":"https:\/\/www.visuelconcept.com\/index.php\/wp-json\/wp\/v2\/posts\/264","targetHints":{"allow":["GET"]}}],"collection":[{"href":"https:\/\/www.visuelconcept.com\/index.php\/wp-json\/wp\/v2\/posts"}],"about":[{"href":"https:\/\/www.visuelconcept.com\/index.php\/wp-json\/wp\/v2\/types\/post"}],"author":[{"embeddable":true,"href":"https:\/\/www.visuelconcept.com\/index.php\/wp-json\/wp\/v2\/users\/1"}],"replies":[{"embeddable":true,"href":"https:\/\/www.visuelconcept.com\/index.php\/wp-json\/wp\/v2\/comments?post=264"}],"version-history":[{"count":0,"href":"https:\/\/www.visuelconcept.com\/index.php\/wp-json\/wp\/v2\/posts\/264\/revisions"}],"wp:featuredmedia":[{"embeddable":true,"href":"https:\/\/www.visuelconcept.com\/index.php\/wp-json\/wp\/v2\/media\/265"}],"wp:attachment":[{"href":"https:\/\/www.visuelconcept.com\/index.php\/wp-json\/wp\/v2\/media?parent=264"}],"wp:term":[{"taxonomy":"category","embeddable":true,"href":"https:\/\/www.visuelconcept.com\/index.php\/wp-json\/wp\/v2\/categories?post=264"},{"taxonomy":"post_tag","embeddable":true,"href":"https:\/\/www.visuelconcept.com\/index.php\/wp-json\/wp\/v2\/tags?post=264"}],"curies":[{"name":"wp","href":"https:\/\/api.w.org\/{rel}","templated":true}]}}